{"id":438,"date":"2026-09-03T12:36:05","date_gmt":"2026-09-03T10:36:05","guid":{"rendered":"https:\/\/muzyczna.gowidlino.com\/?p=438"},"modified":"2026-09-03T12:36:05","modified_gmt":"2026-09-03T10:36:05","slug":"zajecia-teoretyczne-w-roku-szkolnym-2026-2027","status":"publish","type":"post","link":"https:\/\/muzyczna.gowidlino.com\/?p=438","title":{"rendered":"ZAJ\u0118CIA TEORETYCZNE W ROKU SZKOLNYM 2026\/2027"},"content":{"rendered":"\n<p class=\"has-accent-2-color has-text-color has-large-font-size wp-block-paragraph\"><strong><span style=\"text-decoration: underline;\">SZE\u015aCIOLETNI CYKL NAUCZANIA<\/span><\/strong><\/p>\n\n\n\n<p class=\"has-text-color has-large-font-size wp-block-paragraph\" style=\"color:#ea0909\"><strong>KLASA I<\/strong><\/p>\n\n\n\n<p class=\"has-headings-color has-text-color wp-block-paragraph\"><strong>WTOREK<\/strong><br>14:30 &#8211; 15:15 &#8211; Kszta\u0142cenie s\u0142uchu<br><br><strong>\u015aRODA<\/strong><br><br>14:30 &#8211; 15:15 &#8211; Podstawy rytmiki<br>15:15 &#8211; 16:00 &#8211; Podstawy rytmiki<\/p>\n\n\n\n<p class=\"wp-block-paragraph\"><\/p>\n\n\n\n<p class=\"has-text-color has-large-font-size wp-block-paragraph\" style=\"color:#f10d0d\"><strong>KLASA II<\/strong><\/p>\n\n\n\n<p class=\"has-headings-color has-text-color wp-block-paragraph\"><strong>\u015aRODA<\/strong><br>13:00 &#8211; 13:45 &#8211; Podstawy rytmiki<br>13:45 &#8211; 14:30 &#8211; Podstawy rytmiki<br><br><strong>CZWARTEK<\/strong><br>14:45 &#8211; 15:30 &#8211; Kszta\u0142cenie s\u0142uchu <br><br><\/p>\n\n\n\n<p class=\"has-text-color has-large-font-size wp-block-paragraph\" style=\"color:#e60808\"><strong>KLASA III<\/strong><\/p>\n\n\n\n<p class=\"has-headings-color has-text-color has-normal-font-size wp-block-paragraph\"><strong>\u015aRODA<\/strong><br>16:00 &#8211; 16:45 &#8211; Podstawy rytmiki<br>16:45 &#8211; 17:30 &#8211; Podstawy rytmiki<br><br><strong>CZWARTEK<\/strong><br>14:00 &#8211; 14:45 &#8211; Kszta\u0142cenie s\u0142uchu<br><br><\/p>\n\n\n\n<p class=\"has-text-color has-large-font-size wp-block-paragraph\" style=\"color:#f21010\"><strong>KLASA IV<\/strong><\/p>\n\n\n\n<p class=\"has-headings-color has-text-color wp-block-paragraph\"><strong>CZWARTEK<\/strong><br>15:30 &#8211; 16:15 &#8211; Kszta\u0142cenie s\u0142uchu<br>16:15 &#8211; 17:00 &#8211; Kszta\u0142cenie s\u0142uchu<br>17:00 &#8211; 17:45 &#8211; Wiedza o muzyce<\/p>\n\n\n\n<p class=\"has-text-color has-large-font-size wp-block-paragraph\" style=\"color:#f21010\"><strong>KLASA VI<\/strong><\/p>\n\n\n\n<p class=\"has-headings-color has-text-color has-link-color wp-elements-1 wp-block-paragraph\"><strong>\u015aRODA<\/strong><br>16:00 &#8211; 16:45 &#8211; Wiedza o muzyce<br><br><strong>CZWARTEK<\/strong><br>17:45 &#8211; 18:30 &#8211; Kszta\u0142cenie s\u0142uchu<br>18:30 &#8211; 19:15 &#8211; Kszta\u0142cenie s\u0142uchu<\/p>\n\n\n\n<p class=\"wp-block-paragraph\"><\/p>\n\n\n\n<p class=\"has-accent-2-color has-text-color has-link-color has-large-font-size wp-elements-2 wp-block-paragraph\"><strong><span style=\"text-decoration: underline;\">CZTEROLETNI CYKL NAUCZANIA<\/span><\/strong><br><strong>KLASA I<\/strong><\/p>\n\n\n\n<p class=\"has-accent-2-color has-text-color has-link-color has-large-font-size wp-elements-3 wp-block-paragraph\"><\/p>\n\n\n\n<p class=\"has-headings-color has-text-color has-link-color has-normal-font-size wp-elements-4 wp-block-paragraph\"><strong>WTOREK<\/strong><br>15:15 &#8211; 16:00 &#8211; Kszta\u0142cenie s\u0142uchu<br>16:00 &#8211; 16:45 &#8211; Kszta\u0142cenie s\u0142uchu<br><\/p>\n\n\n\n<p class=\"has-accent-2-color has-text-color has-link-color has-large-font-size wp-elements-5 wp-block-paragraph\"><strong>KLASA II<\/strong><\/p>\n\n\n\n<p class=\"has-headings-color has-text-color has-link-color has-normal-font-size wp-elements-6 wp-block-paragraph\"><br><strong>WTOREK<\/strong><br>16:45 &#8211; 17:30 &#8211; Kszta\u0142cenie s\u0142uchu<br>17:30 &#8211; 18:15 &#8211; Kszta\u0142cenie s\u0142uchu<br>18:15 &#8211; 19:00 &#8211; Wiedza o muzyce<\/p>\n\n\n\n<p class=\"wp-block-paragraph\"><\/p>\n\n\n\n<p class=\"has-accent-2-color has-text-color has-link-color has-large-font-size wp-elements-7 wp-block-paragraph\"><strong>KLASA III<\/strong><\/p>\n\n\n\n<p class=\"has-accent-2-color has-text-color has-link-color has-large-font-size wp-elements-8 wp-block-paragraph\"><\/p>\n\n\n\n<p class=\"has-headings-color has-text-color has-link-color wp-elements-9 wp-block-paragraph\"><strong>\u015aRODA<\/strong><br>16:45 &#8211; 17:30 &#8211; Kszta\u0142cenie s\u0142uchu<br>17:30 &#8211; 18:15 &#8211; Kszta\u0142cenie s\u0142uchu<br>18:15 &#8211; 19:00 &#8211; Wiedza o muzyce<\/p>\n\n\n\n<p class=\"has-accent-2-color has-text-color has-link-color has-large-font-size wp-elements-10 wp-block-paragraph\"><br><\/p>\n\n\n\n<p class=\"wp-block-paragraph\"><\/p>\n","protected":false},"excerpt":{"rendered":"<p>SZE\u015aCIOLETNI CYKL NAUCZANIA KLASA I WTOREK14:30 &#8211; 15:15 &#8211; Kszta\u0142cenie s\u0142uchu \u015aRODA 14:30 &#8211; 15:15 &#8211; Podstawy rytmiki15:15 &#8211; 16:00 &#8211; Podstawy rytmiki KLASA II &hellip;<\/p>\n","protected":false},"author":3,"featured_media":0,"comment_status":"open","ping_status":"open","sticky":false,"template":"","format":"standard","meta":{"footnotes":""},"categories":[1],"tags":[],"class_list":["post-438","post","type-post","status-publish","format-standard","hentry","category-bez-kategorii"],"_links":{"self":[{"href":"https:\/\/muzyczna.gowidlino.com\/index.php?rest_route=\/wp\/v2\/posts\/438","targetHints":{"allow":["GET"]}}],"collection":[{"href":"https:\/\/muzyczna.gowidlino.com\/index.php?rest_route=\/wp\/v2\/posts"}],"about":[{"href":"https:\/\/muzyczna.gowidlino.com\/index.php?rest_route=\/wp\/v2\/types\/post"}],"author":[{"embeddable":true,"href":"https:\/\/muzyczna.gowidlino.com\/index.php?rest_route=\/wp\/v2\/users\/3"}],"replies":[{"embeddable":true,"href":"https:\/\/muzyczna.gowidlino.com\/index.php?rest_route=%2Fwp%2Fv2%2Fcomments&post=438"}],"version-history":[{"count":1,"href":"https:\/\/muzyczna.gowidlino.com\/index.php?rest_route=\/wp\/v2\/posts\/438\/revisions"}],"predecessor-version":[{"id":439,"href":"https:\/\/muzyczna.gowidlino.com\/index.php?rest_route=\/wp\/v2\/posts\/438\/revisions\/439"}],"wp:attachment":[{"href":"https:\/\/muzyczna.gowidlino.com\/index.php?rest_route=%2Fwp%2Fv2%2Fmedia&parent=438"}],"wp:term":[{"taxonomy":"category","embeddable":true,"href":"https:\/\/muzyczna.gowidlino.com\/index.php?rest_route=%2Fwp%2Fv2%2Fcategories&post=438"},{"taxonomy":"post_tag","embeddable":true,"href":"https:\/\/muzyczna.gowidlino.com\/index.php?rest_route=%2Fwp%2Fv2%2Ftags&post=438"}],"curies":[{"name":"wp","href":"https:\/\/api.w.org\/{rel}","templated":true}]}}